{"id":995,"date":"2016-04-25T17:52:09","date_gmt":"2016-04-25T15:52:09","guid":{"rendered":"https:\/\/atomi.gymgmunden.at\/?p=995"},"modified":"2017-01-23T22:13:23","modified_gmt":"2017-01-23T21:13:23","slug":"heute-in-der-pho-optik","status":"publish","type":"post","link":"https:\/\/atomi.gymgmunden.at\/index.php\/2016\/04\/25\/heute-in-der-pho-optik\/","title":{"rendered":"Heute in der PHO: Optik"},"content":{"rendered":"<p style=\"text-align: justify;\"><strong>Die Todesstrahlen des Archimedes &#8211; Teil 1<\/strong><\/p>\n<p style=\"text-align: justify;\"><strong><img loading=\"lazy\" decoding=\"async\" class=\"aligncenter wp-image-999 size-full\" src=\"https:\/\/atomi.gymgmunden.at\/wp-content\/uploads\/2016\/04\/pho-25.04.2016.jpg\" alt=\"pho 25.04.2016\" width=\"1680\" height=\"861\" srcset=\"https:\/\/atomi.gymgmunden.at\/wp-content\/uploads\/2016\/04\/pho-25.04.2016.jpg 1024w, https:\/\/atomi.gymgmunden.at\/wp-content\/uploads\/2016\/04\/pho-25.04.2016-300x154.jpg 300w, https:\/\/atomi.gymgmunden.at\/wp-content\/uploads\/2016\/04\/pho-25.04.2016-768x394.jpg 768w, https:\/\/atomi.gymgmunden.at\/wp-content\/uploads\/2016\/04\/pho-25.04.2016-1200x615.jpg 1200w\" sizes=\"auto, (max-width: 1680px) 100vw, 1680px\" \/><\/strong><\/p>\n<p style=\"text-align: justify;\">Der antike Physiker und Mathematiker Archimedes (287-212 v. Chr.) lebte in Syrakus (Sizilien). Als die Stadt von den R\u00f6mern belagert wurde, setzte er seine Optikkenntnisse zur Verteidigung ein: Er soll die gekr\u00fcmmten Schilde der Soldaten als Hohlspiegel ben\u00fctzt haben, um das Sonnenlicht auf r\u00f6mische Schiffe zu fokussieren und sie so in Brand zu stecken. Kann das wahr sein oder werden uns hier nur Schauerm\u00e4rchen erz\u00e4hlt?<\/p>\n<p style=\"text-align: justify;\"><em>1) Unter der Annahme, dass der Kr\u00fcmmungsradius viel gr\u00f6\u00dfer ist, als die Abmessungen des Spiegels: Wie gro\u00df ist die Brennweite f des Hohlspiegels in Abh\u00e4ngigkeit des Kr\u00fcmmungsradius r? Herleitung!<\/em><\/p>\n<p><em>2) Nach welcher Funktion h\u00e4ngt der Sehwinkel \u03c6, unter dem wir die Sonne wahrnehmen, mit Bildgr\u00f6\u00dfe B und Bildweite b zusammen? Herleitung!<\/em><\/p>\n<p><em>3) Unter Annahme von 30 m Brennweite, wie gro\u00df ist das durch den Hohlspiegel erzeugte Bild der Sonne (unter Vernachl\u00e4ssigung aller Abbildungsfehler; nimm an, dass die Lichtstrahlen in diesem Fall parallel einfallen)?<\/em><\/p>\n<p style=\"text-align: right;\">(Quelle: LWB 2016)<\/p>\n<div id='gallery-1' class='gallery galleryid-995 gallery-columns-1 gallery-size-thumbnail'><figure class='gallery-item'>\n\t\t\t<div class='gallery-icon landscape'>\n\t\t\t\t<a href='https:\/\/atomi.gymgmunden.at\/wp-content\/uploads\/2016\/04\/pho-25.04.2016.jpg'><img loading=\"lazy\" decoding=\"async\" width=\"150\" height=\"150\" src=\"https:\/\/atomi.gymgmunden.at\/wp-content\/uploads\/2016\/04\/pho-25.04.2016-150x150.jpg\" class=\"attachment-thumbnail size-thumbnail\" alt=\"\" \/><\/a>\n\t\t\t<\/div><\/figure>\n\t\t<\/div>\n\n","protected":false},"excerpt":{"rendered":"<p>Die Todesstrahlen des Archimedes &#8211; Teil 1 Der antike Physiker und Mathematiker Archimedes (287-212 v. Chr.) lebte in Syrakus (Sizilien).<\/p>\n","protected":false},"author":2,"featured_media":2177,"comment_status":"closed","ping_status":"open","sticky":false,"template":"","format":"standard","meta":{"footnotes":""},"categories":[14,20],"tags":[],"class_list":["post-995","post","type-post","status-publish","format-standard","has-post-thumbnail","hentry","category-pho","category-pho-20152016"],"_links":{"self":[{"href":"https:\/\/atomi.gymgmunden.at\/index.php\/wp-json\/wp\/v2\/posts\/995","targetHints":{"allow":["GET"]}}],"collection":[{"href":"https:\/\/atomi.gymgmunden.at\/index.php\/wp-json\/wp\/v2\/posts"}],"about":[{"href":"https:\/\/atomi.gymgmunden.at\/index.php\/wp-json\/wp\/v2\/types\/post"}],"author":[{"embeddable":true,"href":"https:\/\/atomi.gymgmunden.at\/index.php\/wp-json\/wp\/v2\/users\/2"}],"replies":[{"embeddable":true,"href":"https:\/\/atomi.gymgmunden.at\/index.php\/wp-json\/wp\/v2\/comments?post=995"}],"version-history":[{"count":3,"href":"https:\/\/atomi.gymgmunden.at\/index.php\/wp-json\/wp\/v2\/posts\/995\/revisions"}],"predecessor-version":[{"id":1001,"href":"https:\/\/atomi.gymgmunden.at\/index.php\/wp-json\/wp\/v2\/posts\/995\/revisions\/1001"}],"wp:featuredmedia":[{"embeddable":true,"href":"https:\/\/atomi.gymgmunden.at\/index.php\/wp-json\/wp\/v2\/media\/2177"}],"wp:attachment":[{"href":"https:\/\/atomi.gymgmunden.at\/index.php\/wp-json\/wp\/v2\/media?parent=995"}],"wp:term":[{"taxonomy":"category","embeddable":true,"href":"https:\/\/atomi.gymgmunden.at\/index.php\/wp-json\/wp\/v2\/categories?post=995"},{"taxonomy":"post_tag","embeddable":true,"href":"https:\/\/atomi.gymgmunden.at\/index.php\/wp-json\/wp\/v2\/tags?post=995"}],"curies":[{"name":"wp","href":"https:\/\/api.w.org\/{rel}","templated":true}]}}