{"id":3767,"date":"2018-01-03T01:05:23","date_gmt":"2018-01-03T00:05:23","guid":{"rendered":"https:\/\/atomi.gymgmunden.at\/?p=3767"},"modified":"2018-01-03T01:05:23","modified_gmt":"2018-01-03T00:05:23","slug":"klima-vs-wetter","status":"publish","type":"post","link":"https:\/\/atomi.gymgmunden.at\/index.php\/2018\/01\/03\/klima-vs-wetter\/","title":{"rendered":"Klima vs. Wetter"},"content":{"rendered":"<p style=\"text-align: justify;\"><em>Bittere K\u00e4lte mit Temperaturen von bis zu minus 40 Grad haben am Donnerstag Kanada und weite Teile der USA im Griff gehalten. Am Morgen fielen die Temperaturen in Geraldton in der kanadischen Provinz Ontario auf minus 40 Grad. Nach Angaben von Meteorologen war es zuletzt 1993 \u00e4hnlich kalt in Ontario und Quebec. [&#8230;]\u00a0Pr\u00e4sident Donald Trump hat sich angesichts eines massiven K\u00e4lteeinbruchs in weiten Teilen der USA \u00fcber die globale Erw\u00e4rmung lustig gemacht. &#8222;Im Osten k\u00f6nnt es der k\u00e4lteste Silvesterabend werden, der jemals registriert wurde. Vielleicht k\u00f6nnten wir ein bisschen von dem guten alten Treibhauseffekt gebrauchen, vor dem sich unser Land \u2013 anders als andere L\u00e4nder \u2013 mit Zahlungen von Billionen von Dollar hatte sch\u00fctzen wollen. Zieht euch sch\u00f6n warm an!&#8220;&#8220;, schrieb der Republikaner am Donnerstag auf Twitter und ignorierte wie viele Klimawandelleugner einmal mehr den Unterschied zwischen Klima und Wetter.*<\/em><\/p>\n<blockquote class=\"twitter-tweet\" data-lang=\"de\">\n<p dir=\"ltr\" lang=\"en\">In the East, it could be the COLDEST New Year\u2019s Eve on record. Perhaps we could use a little bit of that good old Global Warming that our Country, but not other countries, was going to pay TRILLIONS OF DOLLARS to protect against. Bundle up!<\/p>\n<p>\u2014 Donald J. Trump (@realDonaldTrump) <a href=\"https:\/\/twitter.com\/realDonaldTrump\/status\/946531657229701120?ref_src=twsrc%5Etfw\">29. Dezember 2017<\/a><\/p><\/blockquote>\n<p><script async src=\"https:\/\/platform.twitter.com\/widgets.js\" charset=\"utf-8\"><\/script><\/p>\n<p style=\"text-align: justify;\"><strong>Klima<\/strong><br \/>\n<em>Das Klima beschreibt den Zustand des Klimasystems \u00fcber lange Zeitr\u00e4ume von Jahrzehnten bis hin zu erdgeschichtlichen Zeitskalen. Das Klimasystem besteht aus verschiedenen Komponenten (Atmosph\u00e4re, Hydrosph\u00e4re, Lithosph\u00e4re, Biosph\u00e4re, Kryosph\u00e4re). Zwischen ihnen besteht ein stetiger Austausch von Energie und Masse \u00fcber bestimmte Fl\u00fcsse (Strahlung, Wind, Verdunstung, Niederschlag, Meeresstr\u00f6mungen, chemische Umwandlungen usw.), die ein energetisches Gleichgewicht der Subsysteme anstreben. Diese Ph\u00e4nomene werden durch den Energiefluss von der Sonne sowie die ungleiche Verteilung dieser Strahlungsenergie auf der Erde gesteuert.<\/em>**<\/p>\n<p style=\"text-align: justify;\"><strong>Wetter<\/strong><br \/>\n<em>Das Wetter spielt sich auf wesentlich k\u00fcrzeren Zeitskalen als das Klima ab, von Stunden bis Wochen. Der \u00fcber mehrere Tage bis zu einer Jahreszeit vorherrschende Wettercharakter wird auch Witterung genannt. Das Wetter tr\u00e4gt neben anderen Prozessen wie z.B. ozeanischen Str\u00f6mungen zum gro\u00dfr\u00e4umigen Energieaustausch bei. Es wird von kurzfristigen Ph\u00e4nomenen, z.B. von Tiefdruckgebieten, Konvektion oder Niederschlag, bestimmt. Wetter als aktueller Zustand der Atmosph\u00e4re kann von jedem pers\u00f6nlich unmittelbar erlebt werden. Im Gegensatz dazu sind beim Klima die Zeitr\u00e4ume zu lang. An die Stelle des Erlebens tritt, oft noch st\u00e4rker von Subjektivit\u00e4t gepr\u00e4gt.<\/em>**<\/p>\n<p style=\"text-align: justify;\"><strong>Ist der Treibhauseffekt &#8222;b\u00f6se&#8220;?<\/strong><br \/>\nNein! Der <strong><em>nat\u00fcrliche<\/em> <\/strong>Treibhauseffekt sorgt daf\u00fcr, dass die durchschnittliche Temperatur auf der Erdoberfl\u00e4che bei +15 \u00b0C statt bei -18 \u00b0C liegt. Da das Klima ein sehr komplexes System (R\u00fcckkopplungseffekte&#8230;) darstellt, stellt sich jedoch die Frage, welche Konsequenzen der <strong><em>anthropogene<\/em> <\/strong>Beitrag (der vom Menschen verursachte Treibhauseffekt) haben wird&#8230;<\/p>\n<p style=\"text-align: justify;\"><strong>Das hier k\u00f6nnte dich auch interessieren:<\/strong><\/p>\n<ul>\n<li style=\"text-align: justify;\">Klimawandel? In der \u00f6ffentlichen Debatte und im privaten Austausch sind dazu unterschiedliche und teils widerspr\u00fcchliche Aussagen zu h\u00f6ren. <a href=\"https:\/\/www.klimafakten.de\/fakten-statt-behauptungen\/fakt-ist\">klimafakten.de<\/a> erkl\u00e4rt, was dem aktuellen Stand der weltweiten Forschung entspricht \u2013 und was nicht. Nach dem Motto: Fakten statt Behauptungen.<\/li>\n<li style=\"text-align: justify;\">Klima-Mythen: Zw\u00f6lf popul\u00e4re Halbwahrheiten \u00fcber den Klimawandel &#8211; im Licht der Forschung auf <a href=\"https:\/\/www.geo.de\/natur\/oekologie\/7668-rtkl-klima-mythen\">geo.de<\/a><\/li>\n<\/ul>\n<p>*<span style=\"font-size: 10pt;\"><a href=\"https:\/\/derstandard.at\/2000071171708\/Kaelte-in-den-USA-Trump-macht-sich-ueber-globale-Erwaermung\">https:\/\/derstandard.at\/2000071171708\/Kaelte-in-den-USA-Trump-macht-sich-ueber-globale-Erwaermung<\/a> [02.01.18-23:41]<br \/>\n**<a href=\"https:\/\/www.zamg.ac.at\/cms\/de\/klima\/informationsportal-klimawandel\/klimaforschung\/wetter-und-klima\">https:\/\/www.zamg.ac.at\/cms\/de\/klima\/informationsportal-klimawandel\/klimaforschung\/wetter-und-klima<\/a> [02.01.18-23:54]<br \/>\n<\/span><\/p>\n","protected":false},"excerpt":{"rendered":"<p>Bittere K\u00e4lte mit Temperaturen von bis zu minus 40 Grad haben am Donnerstag Kanada und weite Teile der USA im<\/p>\n","protected":false},"author":2,"featured_media":3424,"comment_status":"closed","ping_status":"open","sticky":false,"template":"","format":"standard","meta":{"footnotes":""},"categories":[18],"tags":[],"class_list":["post-3767","post","type-post","status-publish","format-standard","has-post-thumbnail","hentry","category-skurriles-und-kurioses"],"_links":{"self":[{"href":"https:\/\/atomi.gymgmunden.at\/index.php\/wp-json\/wp\/v2\/posts\/3767","targetHints":{"allow":["GET"]}}],"collection":[{"href":"https:\/\/atomi.gymgmunden.at\/index.php\/wp-json\/wp\/v2\/posts"}],"about":[{"href":"https:\/\/atomi.gymgmunden.at\/index.php\/wp-json\/wp\/v2\/types\/post"}],"author":[{"embeddable":true,"href":"https:\/\/atomi.gymgmunden.at\/index.php\/wp-json\/wp\/v2\/users\/2"}],"replies":[{"embeddable":true,"href":"https:\/\/atomi.gymgmunden.at\/index.php\/wp-json\/wp\/v2\/comments?post=3767"}],"version-history":[{"count":5,"href":"https:\/\/atomi.gymgmunden.at\/index.php\/wp-json\/wp\/v2\/posts\/3767\/revisions"}],"predecessor-version":[{"id":3772,"href":"https:\/\/atomi.gymgmunden.at\/index.php\/wp-json\/wp\/v2\/posts\/3767\/revisions\/3772"}],"wp:featuredmedia":[{"embeddable":true,"href":"https:\/\/atomi.gymgmunden.at\/index.php\/wp-json\/wp\/v2\/media\/3424"}],"wp:attachment":[{"href":"https:\/\/atomi.gymgmunden.at\/index.php\/wp-json\/wp\/v2\/media?parent=3767"}],"wp:term":[{"taxonomy":"category","embeddable":true,"href":"https:\/\/atomi.gymgmunden.at\/index.php\/wp-json\/wp\/v2\/categories?post=3767"},{"taxonomy":"post_tag","embeddable":true,"href":"https:\/\/atomi.gymgmunden.at\/index.php\/wp-json\/wp\/v2\/tags?post=3767"}],"curies":[{"name":"wp","href":"https:\/\/api.w.org\/{rel}","templated":true}]}}