{"id":1005,"date":"2016-04-29T22:47:47","date_gmt":"2016-04-29T20:47:47","guid":{"rendered":"https:\/\/atomi.gymgmunden.at\/?p=1005"},"modified":"2017-09-28T19:42:28","modified_gmt":"2017-09-28T17:42:28","slug":"tagesseminare-fuer-schuelerinnen-im-juni","status":"publish","type":"post","link":"https:\/\/atomi.gymgmunden.at\/index.php\/2016\/04\/29\/tagesseminare-fuer-schuelerinnen-im-juni\/","title":{"rendered":"Tagesseminare f\u00fcr Sch\u00fclerInnen im Juni"},"content":{"rendered":"<p style=\"text-align: justify;\"><em><img loading=\"lazy\" decoding=\"async\" class=\"aligncenter size-full wp-image-1006\" src=\"https:\/\/atomi.gymgmunden.at\/wp-content\/uploads\/2016\/04\/iat.jpg\" alt=\"iat\" width=\"224\" height=\"133\" \/><\/em><\/p>\n<p style=\"text-align: justify;\"><em>Liebe Sch\u00fclerin, lieber Sch\u00fcler,<\/em><\/p>\n<p style=\"text-align: justify;\"><em>der Juni h\u00e4lt wieder ein paar spannende Tage f\u00fcr uns bereit:<\/em><\/p>\n<ul>\n<li style=\"text-align: justify;\"><em> 3. 6. 2016 <strong>Rotes Erz wird Wolkenkratzer:<\/strong> Stahl ist ein vielseitiges Material und gemeinsam mit Susanne Michelic von der Montanuniversit\u00e4t Leoben werden wir an diesem Tag erforschen, welchen Weg das Erz vom Berg in unser Zuhause nimmt, wo er \u00fcberall in welcher Form eingesetzt wird und warum so ein Tag ganz ohne Stahl ziemlich m\u00fchsam w\u00e4re. F\u00fcr Jugendliche ab 15 Jahren. Mehr Informationen und Anmeldung findest du <a href=\"http:\/\/admin.akademie-traunkirchen.com\/courseregistration\/course\/detail\/164\/\">auf unserer Webseite<\/a>.<\/em><\/li>\n<li style=\"text-align: justify;\"><em> 11. 6. 2016 <strong>Wir bauen einen Audioverst\u00e4rker<\/strong>: Es hei\u00dft zwar: \u201eDer Ton macht die Musik,\u201c aber Lautst\u00e4rke ist auch nicht zu verachten. Damit du deine Lieblingsmusik auch richtig genie\u00dfen kannst, brauchst du\u00a0einen vern\u00fcnftigen Audioverst\u00e4rker! Wie so ein Verst\u00e4rker funktioniert und wie du selbst einen bauen kannst, erlebst du mit Thomas Voglhuber-Brunnmaier und Friedrich Feichtinger von der Universit\u00e4t Linz an diesem Tag. F\u00fcr Jugendliche ab 15 Jahren. F\u00fcr mehr Informationen und Anmeldung folge <a href=\"http:\/\/admin.akademie-traunkirchen.com\/courseregistration\/course\/detail\/163\/\">diesem Link<\/a>.<\/em><\/li>\n<li style=\"text-align: justify;\"><em> 14. 6. 2016<strong> Solar, Wind und Elektrische Energie<\/strong>: Wir haben wieder Besuch von Ed Sobey, der uns schon oft mit seinen lebendigen Workshops begeistert hat. Diesmal geht es um das Thema erneuerbare Energien und wir werden wieder einiges basteln, mit dem wir die Energie aus Sonne und Wind nutzen k\u00f6nnen, z.B. solarbetriebene Gef\u00e4hrte, Windturbinen,\u2026 Der Workshop ist in sehr leicht verst\u00e4ndlichem Englisch, und notfalls sind wir da, um zu \u00fcbersetzen. F\u00fcr Jugendliche ab 14 Jahren. Anmelden kannst du dich <a href=\"http:\/\/admin.akademie-traunkirchen.com\/courseregistration\/course\/detail\/166\/\">hier<\/a>.<\/em><\/li>\n<li style=\"text-align: justify;\"><em> 27. 6. 2016<strong> Kognitive und kreative Konstruktion mit Kunststoff<\/strong>: Ideen aus dem Kopf auf Papier bringen ist schon eine spannende Sache. Aber diese Ideen dann auch anfassen k\u00f6nnen, das erm\u00f6glichen 3D-Drucker. Zoltan Major und sein Team von der Universit\u00e4t Linz werden an diesem Tag helfen, so manche Idee greifbar zu machen. Mehr Information und Anmeldung gibt es auf <a href=\"http:\/\/admin.akademie-traunkirchen.com\/courseregistration\/course\/detail\/148\/\">unserer Webseite<\/a>.<\/em><\/li>\n<\/ul>\n<p><em>Etwas dabei f\u00fcr dich? Dann freuen wir uns auf deine Anmeldung (bitte dein Alter und ein paar S\u00e4tze zu deiner Motivation nicht vergessen)!<\/em><\/p>\n<p><em>Herzliche Gr\u00fc\u00dfe und vielleicht bis bald,<\/em><br \/>\n<em>Birgit Hofst\u00e4tter &amp; Bianca Moser<\/em><\/p>\n","protected":false},"excerpt":{"rendered":"<p>Liebe Sch\u00fclerin, lieber Sch\u00fcler, der Juni h\u00e4lt wieder ein paar spannende Tage f\u00fcr uns bereit: 3. 6. 2016 Rotes Erz<\/p>\n","protected":false},"author":2,"featured_media":2178,"comment_status":"closed","ping_status":"open","sticky":false,"template":"","format":"standard","meta":{"footnotes":""},"categories":[19],"tags":[],"class_list":["post-1005","post","type-post","status-publish","format-standard","has-post-thumbnail","hentry","category-andere-aktivitaeten"],"_links":{"self":[{"href":"https:\/\/atomi.gymgmunden.at\/index.php\/wp-json\/wp\/v2\/posts\/1005","targetHints":{"allow":["GET"]}}],"collection":[{"href":"https:\/\/atomi.gymgmunden.at\/index.php\/wp-json\/wp\/v2\/posts"}],"about":[{"href":"https:\/\/atomi.gymgmunden.at\/index.php\/wp-json\/wp\/v2\/types\/post"}],"author":[{"embeddable":true,"href":"https:\/\/atomi.gymgmunden.at\/index.php\/wp-json\/wp\/v2\/users\/2"}],"replies":[{"embeddable":true,"href":"https:\/\/atomi.gymgmunden.at\/index.php\/wp-json\/wp\/v2\/comments?post=1005"}],"version-history":[{"count":3,"href":"https:\/\/atomi.gymgmunden.at\/index.php\/wp-json\/wp\/v2\/posts\/1005\/revisions"}],"predecessor-version":[{"id":1009,"href":"https:\/\/atomi.gymgmunden.at\/index.php\/wp-json\/wp\/v2\/posts\/1005\/revisions\/1009"}],"wp:featuredmedia":[{"embeddable":true,"href":"https:\/\/atomi.gymgmunden.at\/index.php\/wp-json\/wp\/v2\/media\/2178"}],"wp:attachment":[{"href":"https:\/\/atomi.gymgmunden.at\/index.php\/wp-json\/wp\/v2\/media?parent=1005"}],"wp:term":[{"taxonomy":"category","embeddable":true,"href":"https:\/\/atomi.gymgmunden.at\/index.php\/wp-json\/wp\/v2\/categories?post=1005"},{"taxonomy":"post_tag","embeddable":true,"href":"https:\/\/atomi.gymgmunden.at\/index.php\/wp-json\/wp\/v2\/tags?post=1005"}],"curies":[{"name":"wp","href":"https:\/\/api.w.org\/{rel}","templated":true}]}}